{"id":6382,"date":"2016-08-06T10:23:19","date_gmt":"2016-08-06T10:23:19","guid":{"rendered":"http:\/\/hal2016.zhp.ie\/?p=6382"},"modified":"2016-08-06T10:23:19","modified_gmt":"2016-08-06T10:23:19","slug":"wilczy-szaniec","status":"publish","type":"post","link":"https:\/\/hal2016.zhp.ie\/?p=6382","title":{"rendered":"Wilczy Szaniec"},"content":{"rendered":"<p>Pobudka by\u0142a wcze\u015bniej ni\u017c zwykle gdy\u017c o sz\u00f3stej wstali\u015bmy na nogi. Z suchym prowiantem wyruszyli\u015bmy do Wilczego Sza\u0144ca. Podr\u00f3\u017c autobusem nie by\u0142a szybka lecz by\u0142o warto, gdy\u017c wszyscy dowiedzieli\u015bmy si\u0119 ciekawych historycznych informacji. Mieli\u015bmy okazj\u0119 zwiedzi\u0107 wiele bunkr\u00f3w kt\u00f3re pozosta\u0142y po wojnie. Po zwiedzaniu udali\u015bmy si\u0119 do Olsztyna. Gdy dojechali\u015bmy na miejsce mieli\u015bmy wyb\u00f3r co chcieliby\u015bmy zrobi\u0107 : czy i\u015b\u0107 do planetarium lub mie\u0107 d\u0142u\u017cszy czas zwiedzania miasta. Wszyscy zjedli\u015bmy ciep\u0142y posi\u0142ek i wi\u0119kszo\u015b\u0107 os\u00f3b uda\u0142o si\u0119 na miasto. Gdy nadszed\u0142 czas wracania do obozu zjedli\u015bmy pizz\u0119 kt\u00f3ra wszystkich ucieszy\u0142a. Z pe\u0142nym brzuchem wr\u00f3cili\u015bmy \u00a0na obozowisko. Atrakcje si\u0119 nie sko\u0144czy\u0142y gdy\u017c kiedy dotarli\u015bmy na miejsce ,mieli\u015bmy szans\u0119 wyst\u0119powa\u0107 w harcerskim &#8220;Mam Talent.&#8221; Zast\u0119p &#8220;\u0141owcy Rumu&#8221; zaja\u0142 pierwsze miejsce za za\u015bpiewanie w\u0142asnego utworu. Po zachodzie s\u0142o\u0144ca do\u0142aczyli\u015bmy do ogniska z innym obozem. Ognisko sko\u0144czy\u0142o si\u0119 przez burz\u0119 . Po ca\u0142ym dniu pe\u0142nym wra\u017ce\u0144 , zm\u0119czeni po\u0142o\u017cyli\u015bmy si\u0119 spa\u0107.<\/p>\n<div><\/div>\n<div>Iza Kuszyk + Weronika Wo\u0142oszyn (aka &#8220;papu\u017cki&#8221; )<\/div>\n","protected":false},"excerpt":{"rendered":"<p>Pobudka by\u0142a wcze\u015bniej ni\u017c zwykle gdy\u017c o sz\u00f3stej wstali\u015bmy na nogi. Z suchym prowiantem wyruszyli\u015bmy do Wilczego Sza\u0144ca. Podr\u00f3\u017c autobusem nie by\u0142a szybka lecz by\u0142o warto, gdy\u017c wszyscy dowiedzieli\u015bmy si\u0119 ciekawych historycznych informacji. Mieli\u015bmy okazj\u0119 zwiedzi\u0107 wiele bunkr\u00f3w kt\u00f3re pozosta\u0142y po wojnie. Po zwiedzaniu udali\u015bmy si\u0119 do Olsztyna. Gdy dojechali\u015bmy na miejsce mieli\u015bmy wyb\u00f3r co [&hellip;]<\/p>\n","protected":false},"author":1,"featured_media":0,"comment_status":"open","ping_status":"open","sticky":false,"template":"","format":"standard","meta":{"footnotes":""},"categories":[1],"tags":[],"class_list":["post-6382","post","type-post","status-publish","format-standard","hentry","category-wedrownicy"],"_links":{"self":[{"href":"https:\/\/hal2016.zhp.ie\/index.php?rest_route=\/wp\/v2\/posts\/6382","targetHints":{"allow":["GET"]}}],"collection":[{"href":"https:\/\/hal2016.zhp.ie\/index.php?rest_route=\/wp\/v2\/posts"}],"about":[{"href":"https:\/\/hal2016.zhp.ie\/index.php?rest_route=\/wp\/v2\/types\/post"}],"author":[{"embeddable":true,"href":"https:\/\/hal2016.zhp.ie\/index.php?rest_route=\/wp\/v2\/users\/1"}],"replies":[{"embeddable":true,"href":"https:\/\/hal2016.zhp.ie\/index.php?rest_route=%2Fwp%2Fv2%2Fcomments&post=6382"}],"version-history":[{"count":1,"href":"https:\/\/hal2016.zhp.ie\/index.php?rest_route=\/wp\/v2\/posts\/6382\/revisions"}],"predecessor-version":[{"id":6383,"href":"https:\/\/hal2016.zhp.ie\/index.php?rest_route=\/wp\/v2\/posts\/6382\/revisions\/6383"}],"wp:attachment":[{"href":"https:\/\/hal2016.zhp.ie\/index.php?rest_route=%2Fwp%2Fv2%2Fmedia&parent=6382"}],"wp:term":[{"taxonomy":"category","embeddable":true,"href":"https:\/\/hal2016.zhp.ie\/index.php?rest_route=%2Fwp%2Fv2%2Fcategories&post=6382"},{"taxonomy":"post_tag","embeddable":true,"href":"https:\/\/hal2016.zhp.ie\/index.php?rest_route=%2Fwp%2Fv2%2Ftags&post=6382"}],"curies":[{"name":"wp","href":"https:\/\/api.w.org\/{rel}","templated":true}]}}