{"id":4560,"date":"2016-08-03T05:40:32","date_gmt":"2016-08-03T05:40:32","guid":{"rendered":"http:\/\/hal2016.zhp.ie\/?p=4560"},"modified":"2016-08-03T05:40:32","modified_gmt":"2016-08-03T05:40:32","slug":"1-sierpnia","status":"publish","type":"post","link":"https:\/\/hal2016.zhp.ie\/?p=4560","title":{"rendered":"1 Sierpnia"},"content":{"rendered":"<p>Dla wszystkich harcerzy 1 sierpnia jest bardzo wa\u017cnym dniem. To dzie\u0144 w kt\u00f3rym nie tylko wspominamy wybuch Powstania Warszawskiego ale przede wszystkim naszych bohater\u00f3w. Harcerzy kt\u00f3rzy walczyli z niemieckim okupantem. Apelem alarmowym uczci\u0142y sierpniowe wydarzenia. Druhna \u00a0Maja opowiedzia\u0142a o bohaterstwie ich r\u00f3wie\u015bnik\u00f3w podczas powstania.<\/p>\n<p>Indywidualne zaliczanie sprawno\u015bci by\u0142y jednym z blok\u00f3w kt\u00f3remu zuchy po\u015bwi\u0119caj\u0105 du\u017co uwagi i za anga\u017cowania. Rywalizacja i sprawdzenie w\u0142asnych mo\u017cliwo\u015bci daje im du\u017co satysfakcji. Po po\u0142udniu pozna\u0142y technik\u0119 farbowania tkanin i Batik.<\/p>\n<p>Dh.M<\/p>\n","protected":false},"excerpt":{"rendered":"<p>Dla wszystkich harcerzy 1 sierpnia jest bardzo wa\u017cnym dniem. To dzie\u0144 w kt\u00f3rym nie tylko wspominamy wybuch Powstania Warszawskiego ale przede wszystkim naszych bohater\u00f3w. Harcerzy kt\u00f3rzy walczyli z niemieckim okupantem. Apelem alarmowym uczci\u0142y sierpniowe wydarzenia. Druhna \u00a0Maja opowiedzia\u0142a o bohaterstwie ich r\u00f3wie\u015bnik\u00f3w podczas powstania. Indywidualne zaliczanie sprawno\u015bci by\u0142y jednym z blok\u00f3w kt\u00f3remu zuchy po\u015bwi\u0119caj\u0105 du\u017co [&hellip;]<\/p>\n","protected":false},"author":1,"featured_media":0,"comment_status":"open","ping_status":"open","sticky":false,"template":"","format":"standard","meta":{"footnotes":""},"categories":[12],"tags":[],"class_list":["post-4560","post","type-post","status-publish","format-standard","hentry","category-zuchy"],"_links":{"self":[{"href":"https:\/\/hal2016.zhp.ie\/index.php?rest_route=\/wp\/v2\/posts\/4560","targetHints":{"allow":["GET"]}}],"collection":[{"href":"https:\/\/hal2016.zhp.ie\/index.php?rest_route=\/wp\/v2\/posts"}],"about":[{"href":"https:\/\/hal2016.zhp.ie\/index.php?rest_route=\/wp\/v2\/types\/post"}],"author":[{"embeddable":true,"href":"https:\/\/hal2016.zhp.ie\/index.php?rest_route=\/wp\/v2\/users\/1"}],"replies":[{"embeddable":true,"href":"https:\/\/hal2016.zhp.ie\/index.php?rest_route=%2Fwp%2Fv2%2Fcomments&post=4560"}],"version-history":[{"count":1,"href":"https:\/\/hal2016.zhp.ie\/index.php?rest_route=\/wp\/v2\/posts\/4560\/revisions"}],"predecessor-version":[{"id":4561,"href":"https:\/\/hal2016.zhp.ie\/index.php?rest_route=\/wp\/v2\/posts\/4560\/revisions\/4561"}],"wp:attachment":[{"href":"https:\/\/hal2016.zhp.ie\/index.php?rest_route=%2Fwp%2Fv2%2Fmedia&parent=4560"}],"wp:term":[{"taxonomy":"category","embeddable":true,"href":"https:\/\/hal2016.zhp.ie\/index.php?rest_route=%2Fwp%2Fv2%2Fcategories&post=4560"},{"taxonomy":"post_tag","embeddable":true,"href":"https:\/\/hal2016.zhp.ie\/index.php?rest_route=%2Fwp%2Fv2%2Ftags&post=4560"}],"curies":[{"name":"wp","href":"https:\/\/api.w.org\/{rel}","templated":true}]}}